{"id":13260,"date":"2017-02-17T00:00:00","date_gmt":"2017-02-17T00:00:00","guid":{"rendered":"https:\/\/hafnarfjordur.is\/dagur-jonsson\/"},"modified":"2022-12-07T14:57:23","modified_gmt":"2022-12-07T14:57:23","slug":"johns-day","status":"publish","type":"post","link":"https:\/\/hafnarfjordur.is\/en\/dagur-jonsson\/","title":{"rendered":"Dagur J\u00f3nsson"},"content":{"rendered":"<p>Dagur J\u00f3nsson, the town manager, has passed away. He died on 9 February, after a long and difficult battle with cancer. Dagur will be laid to rest today at 3 p.m. from Hafnarfjar\u00f0arkirkja. Attached is the memorial tribute from the Mayor of Hafnarfj\u00f6r\u00f0ur.<\/p>\n<h4>Dagur J\u00f3nsson<\/h4>\n<p><img decoding=\"async\" class=\"right lazyload\" data-src=\"https:\/\/hafnarfjordur.is\/wp-content\/uploads\/2022\/09\/DagurJonsson.jpg\" alt=\"Dagur J\u00f3nsson\" src=\"data:image\/svg+xml;base64,PHN2ZyB3aWR0aD0iMSIgaGVpZ2h0PSIxIiB4bWxucz0iaHR0cDovL3d3dy53My5vcmcvMjAwMC9zdmciPjwvc3ZnPg==\" style=\"--smush-placeholder-width: 394px; --smush-placeholder-aspect-ratio: 394\/394;\" \/>I would like to take a few words to mention Dagur J\u00f3nsson, who has had a long and successful career with the City of Hafnarfj\u00f6r\u00f0ur. Dagur began working for the town engineer in Hafnarfj\u00f6r\u00f0ur in 1986. In his early years, he was responsible for surveying, among other things, but his work then evolved to focus on matters related to the Waterworks. He became the manager of the waterworks and later the utilities manager upon the merger of the services, building the modern water supply that the Hafnarfj\u00f6r\u00f0ur Waterworks is today. Since 1990, the population of Hafnarfj\u00f6r\u00f0ur has doubled and new districts have been developed, with the corresponding expansion of the water supply.<\/p>\n<p>In recent years, Dagur has been exploring future water sources for the people of Hafnarfj\u00f6r\u00f0ur, and research has begun in Fagradal with this in mind. The construction of a storage tank in \u00c1sland was also undertaken to prepare for the future. Dagur managed this work as the town's waterworks manager, a position he held until his death. He had an extensive knowledge of the town's water supply and geology, as well as the ability to tell a good story and share his knowledge through lively accounts and anecdotes. Dagur also had the fine quality of being resolute and steadfast, and the reason was usually that he simply knew better, basing his firmness on knowledge and a belief in his projects and his work.<\/p>\n<p>It is safe to say that Dagur carried out his duties and projects with great enthusiasm and expertise, and his passing leaves a huge gap in the staff of the City of Hafnarfj\u00f6r\u00f0ur. The municipality is not only losing a professional in his field, but staff are also losing a good friend and colleague of many years. It was incredible to watch Dag fight his illness, which he faced with serenity and an admirable will to live. My visit to him in hospital at the end of last year is particularly memorable and so characteristic of Dag as I knew him from our all-too-brief acquaintance. For despite his discomfort and suffering, he continued to talk about the projects he had been working on so tirelessly in recent years, discussing ideas and new ventures. He was determined to carry on looking after himself and his loved ones, and continued to act and plan for the future.<\/p>\n<p>We will always remember that day with great respect and faith in life.<\/p>\n<p>On behalf of the Hafnarfj\u00f6r\u00f0ur Town Council and its staff, I send my heartfelt condolences to \u00de\u00f3rd\u00eds Bjarnad\u00f3ttir, his surviving wife, and to the entire family.<\/p>\n<p>May he rest in peace.<\/p>\n<p>Haraldur L. Haraldsson<br \/>\nMayor of the Borough of Hafnarfj\u00f6r\u00f0ur.<\/p>","protected":false},"excerpt":{"rendered":"<p>Dagur J\u00f3nsson veitustj\u00f3ri er l\u00e1tinn en hann l\u00e9st 9. febr\u00faar, eftir langa og erfi\u00f0a bar\u00e1ttu vi\u00f0 krabbamein. Dagur er borinn til grafar \u00ed dag kl. 15 fr\u00e1 Hafnarfjar\u00f0arkirkju. Me\u00f0fylgjandi er minningargrein b\u00e6jarstj\u00f3ra Hafnarfjar\u00f0arb\u00e6jar. Dagur J\u00f3nsson Mig langar a\u00f0 minnast h\u00e9r me\u00f0 nokkrum or\u00f0um Dags J\u00f3nssonar sem \u00e1 a\u00f0 baki hj\u00e1 Hafnarfjar\u00f0arkaupsta\u00f0 langan og fars\u00e6lan starfsferil. [&hellip;]<\/p>\n","protected":false},"author":1,"featured_media":15959,"comment_status":"closed","ping_status":"closed","sticky":false,"template":"","format":"standard","meta":{"_acf_changed":false,"_breakdance_hide_in_design_set":false,"_breakdance_tags":"","wds_primary_category":0,"footnotes":""},"categories":[12],"tags":[],"class_list":["post-13260","post","type-post","status-publish","format-standard","has-post-thumbnail","hentry","category-frettir"],"acf":[],"_links":{"self":[{"href":"https:\/\/hafnarfjordur.is\/en\/wp-json\/wp\/v2\/posts\/13260","targetHints":{"allow":["GET"]}}],"collection":[{"href":"https:\/\/hafnarfjordur.is\/en\/wp-json\/wp\/v2\/posts"}],"about":[{"href":"https:\/\/hafnarfjordur.is\/en\/wp-json\/wp\/v2\/types\/post"}],"author":[{"embeddable":true,"href":"https:\/\/hafnarfjordur.is\/en\/wp-json\/wp\/v2\/users\/1"}],"replies":[{"embeddable":true,"href":"https:\/\/hafnarfjordur.is\/en\/wp-json\/wp\/v2\/comments?post=13260"}],"version-history":[{"count":0,"href":"https:\/\/hafnarfjordur.is\/en\/wp-json\/wp\/v2\/posts\/13260\/revisions"}],"wp:featuredmedia":[{"embeddable":true,"href":"https:\/\/hafnarfjordur.is\/en\/wp-json\/wp\/v2\/media\/15959"}],"wp:attachment":[{"href":"https:\/\/hafnarfjordur.is\/en\/wp-json\/wp\/v2\/media?parent=13260"}],"wp:term":[{"taxonomy":"category","embeddable":true,"href":"https:\/\/hafnarfjordur.is\/en\/wp-json\/wp\/v2\/categories?post=13260"},{"taxonomy":"post_tag","embeddable":true,"href":"https:\/\/hafnarfjordur.is\/en\/wp-json\/wp\/v2\/tags?post=13260"}],"curies":[{"name":"WordPress","href":"https:\/\/api.w.org\/{rel}","templated":true}]}}