{"id":13332,"date":"2017-04-22T00:00:00","date_gmt":"2017-04-22T00:00:00","guid":{"rendered":"https:\/\/hafnarfjordur.is\/gardurgangur-sottur-heim-1\/"},"modified":"2022-10-25T09:00:16","modified_gmt":"2022-10-25T09:00:16","slug":"garda-parade-sick-home-1","status":"publish","type":"post","link":"https:\/\/hafnarfjordur.is\/en\/gardurgangur-sottur-heim-1\/","title":{"rendered":"Garden waste collected"},"content":{"rendered":"<p><strong>A clean Hafnarfj\u00f6r\u00f0ur\u2026 with everyone's participation!<\/strong><\/p>\n<p>Spring sweeping of streets and pavements is taking place in Hafnarfj\u00f6r\u00f0ur at the moment and will continue until the end of the month. The town is divided into 14 districts, and these are signposted the day before sweeping with a notice of the planned work. As with last year, the City of Hafnarfj\u00f6r\u00f0ur is encouraging a community clean-up initiative, urging all residents, students, and staff of local businesses and institutions to take an active part. With a concerted community clean-up effort, where everyone thinks about their local area, Hafnarfj\u00f6r\u00f0ur will be clean and tidy in no time for the summer.<\/p>\n<h4><strong>Spring Clean-up \u2013 garden waste collection. Dates for each neighbourhood.<\/strong><\/h4>\n<p>An annual clean-up campaign in Hafnarfj\u00f6r\u00f0ur will take place from 2nd to 11th May. During these days, council staff will be busy with clean-up operations across Hafnarfj\u00f6r\u00f0ur, and residents are also urged to take an active part by cleaning up their own properties and immediate surroundings. Garden waste in Nor\u00f0urb\u00e6r, Vesturb\u00e6r, Hraun and the town centre will be collected on Tuesday, 2nd May; in Setberg, Kinnur and Hvammur on Thursday, 4th May; and in \u00c1sland, Vellir and Holt on Wednesday, 11th May.\u00a0 Residents in these areas are encouraged to have their garden waste ready and placed outside their property boundaries for the designated collection days for each neighbourhood. Please note that all garden waste must be in bags, and bear in mind that reasonably weighted bags make the work easier for our staff. Residents are encouraged to make use of this municipal service.\u00a0 After these dates, owners and landowners will need to take garden waste to the tip themselves. It is also ideal to collect garden waste over the summer in a compost heap in a convenient spot in the garden and use it for composting.&nbsp;<\/p>\n<p><img decoding=\"async\" data-src=\"https:\/\/hafnarfjordur.is\/wp-content\/uploads\/2022\/09\/GardhreinsunVor2017Dagsetningar.jpg\" alt=\"Garden Clean-up Spring 2017 Dates\" src=\"data:image\/svg+xml;base64,PHN2ZyB3aWR0aD0iMSIgaGVpZ2h0PSIxIiB4bWxucz0iaHR0cDovL3d3dy53My5vcmcvMjAwMC9zdmciPjwvc3ZnPg==\" class=\"lazyload\" style=\"--smush-placeholder-width: 480px; --smush-placeholder-aspect-ratio: 480\/678;\"><\/p>\n<h4>Appeal to residents and businesses \u2013 containers at three locations in Hafnarfj\u00f6r\u00f0ur<\/h4>\n<p>&nbsp;<\/p>\n<p>On Friday, 5th May, staff of businesses and institutions, along with pupils and teachers of all school levels in Hafnarfj\u00f6r\u00f0ur, are encouraged to look at their local environment and to carry out a special clean-up. Containers will be placed at three locations in Hafnarfj\u00f6r\u00f0ur and are intended primarily for the disposal of timber and iron from businesses in each respective area. The containers will be on site for two full days \u2013 Thursday 4 May and Friday 5 May.&nbsp;<\/p>\n<p><img decoding=\"async\" data-src=\"https:\/\/hafnarfjordur.is\/wp-content\/uploads\/2022\/09\/GamarDagsetningarVor2017.jpg\" alt=\"Fun Dates Spring 2017\" src=\"data:image\/svg+xml;base64,PHN2ZyB3aWR0aD0iMSIgaGVpZ2h0PSIxIiB4bWxucz0iaHR0cDovL3d3dy53My5vcmcvMjAwMC9zdmciPjwvc3ZnPg==\" class=\"lazyload\" style=\"--smush-placeholder-width: 679px; --smush-placeholder-aspect-ratio: 679\/960;\"><\/p>","protected":false},"excerpt":{"rendered":"<p>Hreinn Hafnarfj\u00f6r\u00f0ur&#8230;me\u00f0 \u00fe\u00e1ttt\u00f6ku allra! Vors\u00f3pun \u00e1 g\u00f6tum og g\u00f6ngust\u00edgum er a\u00f0 eiga s\u00e9r sta\u00f0 \u00ed Hafnarfir\u00f0i \u00feessa dagana og mun standa yfir til m\u00e1na\u00f0am\u00f3ta. B\u00e6num er skipt upp \u00ed 14 hverfi og eru hverfin skiltu\u00f0 upp degi fyrir s\u00f3pun me\u00f0 tilkynningu um fyrirhuga\u00f0a s\u00f3pun. L\u00edkt og \u00ed fyrra hvetur Hafnarfjar\u00f0arb\u00e6r til samf\u00e9lags\u00e1taks \u00ed hreinsun \u00fear [&hellip;]<\/p>\n","protected":false},"author":1,"featured_media":16045,"comment_status":"open","ping_status":"open","sticky":false,"template":"","format":"standard","meta":{"_acf_changed":false,"_breakdance_hide_in_design_set":false,"_breakdance_tags":"","wds_primary_category":0,"footnotes":""},"categories":[12],"tags":[],"class_list":["post-13332","post","type-post","status-publish","format-standard","has-post-thumbnail","hentry","category-frettir"],"acf":[],"_links":{"self":[{"href":"https:\/\/hafnarfjordur.is\/en\/wp-json\/wp\/v2\/posts\/13332","targetHints":{"allow":["GET"]}}],"collection":[{"href":"https:\/\/hafnarfjordur.is\/en\/wp-json\/wp\/v2\/posts"}],"about":[{"href":"https:\/\/hafnarfjordur.is\/en\/wp-json\/wp\/v2\/types\/post"}],"author":[{"embeddable":true,"href":"https:\/\/hafnarfjordur.is\/en\/wp-json\/wp\/v2\/users\/1"}],"replies":[{"embeddable":true,"href":"https:\/\/hafnarfjordur.is\/en\/wp-json\/wp\/v2\/comments?post=13332"}],"version-history":[{"count":0,"href":"https:\/\/hafnarfjordur.is\/en\/wp-json\/wp\/v2\/posts\/13332\/revisions"}],"wp:featuredmedia":[{"embeddable":true,"href":"https:\/\/hafnarfjordur.is\/en\/wp-json\/wp\/v2\/media\/16045"}],"wp:attachment":[{"href":"https:\/\/hafnarfjordur.is\/en\/wp-json\/wp\/v2\/media?parent=13332"}],"wp:term":[{"taxonomy":"category","embeddable":true,"href":"https:\/\/hafnarfjordur.is\/en\/wp-json\/wp\/v2\/categories?post=13332"},{"taxonomy":"post_tag","embeddable":true,"href":"https:\/\/hafnarfjordur.is\/en\/wp-json\/wp\/v2\/tags?post=13332"}],"curies":[{"name":"WordPress","href":"https:\/\/api.w.org\/{rel}","templated":true}]}}