{"id":13333,"date":"2017-04-24T00:00:00","date_gmt":"2017-04-24T00:00:00","guid":{"rendered":"https:\/\/hafnarfjordur.is\/abendingar-fra-ibuum-um-baett-umferdaoryggi\/"},"modified":"2022-10-25T09:00:16","modified_gmt":"2022-10-25T09:00:16","slug":"abendingar-fra-ibuum-um-baett-umferdaoryggi","status":"publish","type":"post","link":"https:\/\/hafnarfjordur.is\/en\/abendingar-fra-ibuum-um-baett-umferdaoryggi\/","title":{"rendered":"Residents' suggestions for improved road safety"},"content":{"rendered":"<p>Hafnarfj\u00f6r\u00f0ur Municipality<br \/>\nvinnur n\u00fa a\u00f0 ger\u00f0 umfer\u00f0ar\u00f6ryggis\u00e1\u00e6tlunar fyrir sveitarf\u00e9lagi\u00f0.<\/p>\n<h4>Hva\u00f0a atri\u00f0i\/\u00fe\u00e6ttir geta b\u00e6tt umfer\u00f0ar\u00f6ryggi \u00ed b\u00e6num?<\/h4>\n<p>We<br \/>\nger\u00f0 \u00e1\u00e6tlunar er mikilv\u00e6gt a\u00f0 hafa samr\u00e1\u00f0 vi\u00f0 \u00edb\u00faa b\u00e6jarins. \u00dev\u00ed \u00f3skar<br \/>\nHafnarfjar\u00f0arb\u00e6r eftir \u00e1bendingum fr\u00e1 \u00edb\u00faum um \u00feau atri\u00f0i sem geta stu\u00f0la\u00f0 a\u00f0<br \/>\nb\u00e6ttu umfer\u00f0ar\u00f6ryggi \u00ed b\u00e6num, fyrir gangandi, hj\u00f3landi og akandi. \u00cd ferlinu er einnig<br \/>\n&nbsp;haft samr\u00e1\u00f0 vi\u00f0 \u00fdmsar stofnanir og hagsmunaa\u00f0ila til a\u00f0 tryggja a\u00f0 sem<br \/>\nv\u00ed\u00f0t\u00e6kust sj\u00f3narmi\u00f0 komi fram.<\/p>\n<p>Lei\u00f0beiningar um ger\u00f0 sl\u00edkra \u00e1\u00e6tlana m\u00e1 finna \u00e1&nbsp;<a href=\"https:\/\/www.samgongustofa.is\/umferd\/fraedsla-og-oryggi\/umferdaroryggisaaetlun\/sveitarfelog\/\">heimas\u00ed\u00f0u Samg\u00f6ngustofu&nbsp;<\/a>&nbsp;<\/p>\n<p>\u00c1bendingar \u00f3skast sendar \u00e1 netfangi\u00f0:  <a href=\"mailto:\" class=\"netfang\">hafnarfjordur@hafnarfjordur.is<\/a>  \u00ed s\u00ed\u00f0asta lagi 10. ma\u00ed 2017.<\/p>\n<p>N\u00e1nari uppl\u00fdsingar veitir Helga<br \/>\nStef\u00e1nsd\u00f3ttir hj\u00e1 umhverfis- og skipulags\u00fej\u00f3nustu Hafnarfjar\u00f0arb\u00e6jar \u00ed &nbsp;t\u00f6lvup\u00f3sti \u00e1<br \/>\nnetfangi\u00f0:&nbsp;<a href=\"mailto:helgas@hafnarfjordur.is\">helgas@hafnarfjordur.is<\/a>.<\/p>","protected":false},"excerpt":{"rendered":"<p>Hafnarfjar\u00f0arb\u00e6r vinnur n\u00fa a\u00f0 ger\u00f0 umfer\u00f0ar\u00f6ryggis\u00e1\u00e6tlunar fyrir sveitarf\u00e9lagi\u00f0. Hva\u00f0a atri\u00f0i\/\u00fe\u00e6ttir geta b\u00e6tt umfer\u00f0ar\u00f6ryggi \u00ed b\u00e6num? Vi\u00f0 ger\u00f0 \u00e1\u00e6tlunar er mikilv\u00e6gt a\u00f0 hafa samr\u00e1\u00f0 vi\u00f0 \u00edb\u00faa b\u00e6jarins. \u00dev\u00ed \u00f3skar Hafnarfjar\u00f0arb\u00e6r eftir \u00e1bendingum fr\u00e1 \u00edb\u00faum um \u00feau atri\u00f0i sem geta stu\u00f0la\u00f0 a\u00f0 b\u00e6ttu umfer\u00f0ar\u00f6ryggi \u00ed b\u00e6num, fyrir gangandi, hj\u00f3landi og akandi. \u00cd ferlinu er einnig &nbsp;haft samr\u00e1\u00f0 [&hellip;]<\/p>\n","protected":false},"author":1,"featured_media":0,"comment_status":"open","ping_status":"open","sticky":false,"template":"","format":"standard","meta":{"_acf_changed":false,"_breakdance_hide_in_design_set":false,"_breakdance_tags":"","wds_primary_category":0,"footnotes":""},"categories":[12],"tags":[],"class_list":["post-13333","post","type-post","status-publish","format-standard","hentry","category-frettir"],"acf":[],"_links":{"self":[{"href":"https:\/\/hafnarfjordur.is\/en\/wp-json\/wp\/v2\/posts\/13333","targetHints":{"allow":["GET"]}}],"collection":[{"href":"https:\/\/hafnarfjordur.is\/en\/wp-json\/wp\/v2\/posts"}],"about":[{"href":"https:\/\/hafnarfjordur.is\/en\/wp-json\/wp\/v2\/types\/post"}],"author":[{"embeddable":true,"href":"https:\/\/hafnarfjordur.is\/en\/wp-json\/wp\/v2\/users\/1"}],"replies":[{"embeddable":true,"href":"https:\/\/hafnarfjordur.is\/en\/wp-json\/wp\/v2\/comments?post=13333"}],"version-history":[{"count":0,"href":"https:\/\/hafnarfjordur.is\/en\/wp-json\/wp\/v2\/posts\/13333\/revisions"}],"wp:attachment":[{"href":"https:\/\/hafnarfjordur.is\/en\/wp-json\/wp\/v2\/media?parent=13333"}],"wp:term":[{"taxonomy":"category","embeddable":true,"href":"https:\/\/hafnarfjordur.is\/en\/wp-json\/wp\/v2\/categories?post=13333"},{"taxonomy":"post_tag","embeddable":true,"href":"https:\/\/hafnarfjordur.is\/en\/wp-json\/wp\/v2\/tags?post=13333"}],"curies":[{"name":"WordPress","href":"https:\/\/api.w.org\/{rel}","templated":true}]}}