{"id":13336,"date":"2017-04-25T00:00:00","date_gmt":"2017-04-25T00:00:00","guid":{"rendered":"https:\/\/hafnarfjordur.is\/viltu-vera-a-umhverfisvaktinni\/"},"modified":"2022-10-25T09:00:17","modified_gmt":"2022-10-25T09:00:17","slug":"do-you-want-to-be-on-the-environmental-watch-2","status":"publish","type":"post","link":"https:\/\/hafnarfjordur.is\/en\/viltu-vera-a-umhverfisvaktinni\/","title":{"rendered":"Do you want to be on the environmental watch?"},"content":{"rendered":"<p>\u00a0<\/p>\n<p><strong>A joint project between the City of Hafnarfj\u00f6r\u00f0ur and voluntary organisations for the upkeep of the town's open spaces.<\/strong><\/p>\n<p>\u00a0<\/p>\n<p><em>The Environmental Watch is back. The project is about the upkeep and beautification of the town, and the aim, as ever, is to raise residents' environmental awareness, make the town more beautiful and increase cleanliness. \u00a0Associations and groups in Hafnarfj\u00f6r\u00f0ur are invited to monitor the environment, i.e., to undertake the cleaning of a designated area in exchange for financial support for their activities. Only twelve groups are accepted each time.<\/em><\/p>\n<p>Hafnarfj\u00f6r\u00f0ur has been divided into twelve areas. In each area, the emphasis is on clearing rubbish and debris from main paths and main roads, streams and ponds, the shoreline, natural lava fields and open\/green spaces. The groups that are selected will clean their area twice a year.<em>,<\/em>\u00a0once between 6 May and 5 June, and once between 1 and 27 September.<\/p>\n<p><a href=\"https:\/\/hafnarfjordur.is\/en\/media\/the-local-environment\/hopakort2016yfirlit.pdf\/\">See the regional breakdown here<\/a><\/p>\n<h4>Who can be on duty?<\/h4>\n<p>All clubs, associations and groups in Hafnarfj\u00f6r\u00f0ur are invited to apply to take part in the Environmental Watch. There is one group per area, and a total of twelve groups can partner with the town on the project. When allocating areas, the composition of the group and the nature of the area, i.e. its accessibility, will be taken into account. Each group must have a leader who will liaise with the Council's Operations Department and arrange, in consultation with them, when the clean-up will take place and how it will be carried out.\u00a0 If groups composed of children or young people apply to participate (e.g. junior sections of sports clubs or scout groups), the condition is set that the group leader and a responsible adult must be an adult, and furthermore that adults work with the children during the clean-up. The reason for this is primarily safety requirements, as the clean-up will take place in areas where hazards may be present nearby, such as near roads, streams and the coast.<\/p>\n<p><strong>The accompanying information for group applications must state the following:<\/strong><\/p>\n<ul>\n<li>Name of the association\/organisation\/group<\/li>\n<li>The main aims and purpose of the association<\/li>\n<li>A brief report on the activities of the past 3 years<\/li>\n<li>Number of members and age distribution (children, teenagers and adults)<\/li>\n<li>Who will do the work (if it's a children's\/youth group, who will be working with them)<\/li>\n<li>How to use the strength<\/li>\n<li>Any requests for areas, if any<\/li>\n<li>Name and details of the group leader (address, telephone, email address)<\/li>\n<\/ul>\n<p>Staff from the Environmental and Planning Services of the City of Hafnarfj\u00f6r\u00f0ur monitor the work and implementation in each area, assess how the work is being carried out, and make recommendations for improvements as necessary, as well as arranging for the disposal of the rubbish. Rubbish bags are available from the Hafnarfj\u00f6r\u00f0ur Service Centre at Nor\u00f0urhellu 2, should groups request them.<\/p>\n<p>The application deadline is 5 May 2017.<\/p>\n<p>Applications should be sent to:\u00a0<a href=\"mailto:ishmael@hafnarfjordur.is\">ishmael@hafnarfjordur.is<\/a>.\u00a0<\/p>\n<p>Further information is available from the town's customer service at Strandgata 6, tel: 585-5500, and Ishmael David:\u00a0<a href=\"mailto:ishmael@hafnarfjordur.is\">ishmael@hafnarfjordur.is<\/a><\/p>","protected":false},"excerpt":{"rendered":"<p>\u00a0 Samstarfsverkefni Hafnarfjar\u00f0arb\u00e6jar og f\u00e9lagasamtaka um umhir\u00f0u b\u00e6jarlandsins \u00a0 Umhverfisvaktin sn\u00fdr aftur. Verkefni\u00f0 sn\u00fdr a\u00f0 umhir\u00f0u og fegrun b\u00e6jarins og er markmi\u00f0i\u00f0 sem fyrr a\u00f0 efla umhverfisvitund \u00edb\u00faa, fegurri b\u00e6r og aukin hreinsun. \u00a0F\u00e9l\u00f6gum og h\u00f3pum \u00ed Hafnarfir\u00f0i stendur til bo\u00f0a a\u00f0 vakta umhverfi\u00f0, \u00fe.e. taka a\u00f0 s\u00e9r a\u00f0 sj\u00e1 um hreinsun \u00e1 skilgreindu landsv\u00e6\u00f0i, [&hellip;]<\/p>\n","protected":false},"author":1,"featured_media":0,"comment_status":"open","ping_status":"open","sticky":false,"template":"","format":"standard","meta":{"_acf_changed":false,"_breakdance_hide_in_design_set":false,"_breakdance_tags":"","wds_primary_category":0,"footnotes":""},"categories":[12],"tags":[],"class_list":["post-13336","post","type-post","status-publish","format-standard","hentry","category-frettir"],"acf":[],"_links":{"self":[{"href":"https:\/\/hafnarfjordur.is\/en\/wp-json\/wp\/v2\/posts\/13336","targetHints":{"allow":["GET"]}}],"collection":[{"href":"https:\/\/hafnarfjordur.is\/en\/wp-json\/wp\/v2\/posts"}],"about":[{"href":"https:\/\/hafnarfjordur.is\/en\/wp-json\/wp\/v2\/types\/post"}],"author":[{"embeddable":true,"href":"https:\/\/hafnarfjordur.is\/en\/wp-json\/wp\/v2\/users\/1"}],"replies":[{"embeddable":true,"href":"https:\/\/hafnarfjordur.is\/en\/wp-json\/wp\/v2\/comments?post=13336"}],"version-history":[{"count":0,"href":"https:\/\/hafnarfjordur.is\/en\/wp-json\/wp\/v2\/posts\/13336\/revisions"}],"wp:attachment":[{"href":"https:\/\/hafnarfjordur.is\/en\/wp-json\/wp\/v2\/media?parent=13336"}],"wp:term":[{"taxonomy":"category","embeddable":true,"href":"https:\/\/hafnarfjordur.is\/en\/wp-json\/wp\/v2\/categories?post=13336"},{"taxonomy":"post_tag","embeddable":true,"href":"https:\/\/hafnarfjordur.is\/en\/wp-json\/wp\/v2\/tags?post=13336"}],"curies":[{"name":"WordPress","href":"https:\/\/api.w.org\/{rel}","templated":true}]}}