{"id":13479,"date":"2017-12-15T00:00:00","date_gmt":"2017-12-15T00:00:00","guid":{"rendered":"https:\/\/hafnarfjordur.is\/ny-mislaeg-gatnamot-a-reykjanesbraut-tekin-i-notkun-i-dag\/"},"modified":"2022-10-25T09:00:38","modified_gmt":"2022-10-25T09:00:38","slug":"ny-mislaeg-gatnamot-a-reykjanesbraut-tekin-i-notkun-i-dag","status":"publish","type":"post","link":"https:\/\/hafnarfjordur.is\/en\/ny-mislaeg-gatnamot-a-reykjanesbraut-tekin-i-notkun-i-dag\/","title":{"rendered":"New slip road on the Reykjanesbraut opened today."},"content":{"rendered":"<p>N\u00fdframkv\u00e6mdin, gatnam\u00f3t Reykjanesbrautar og Kr\u00fdsuv\u00edkurvegar ver\u00f0ur tekin \u00ed notkun n\u00fana \u00ed h\u00e1deginu f\u00f6studaginn 15. desember kl. 13:00.&nbsp; Ath\u00f6fn ver\u00f0ur vi\u00f0 gatnam\u00f3tin a\u00f0 vestanver\u00f0u og mun Sigur\u00f0ur Ingi J\u00f3hannsson samg\u00f6ngur\u00e1\u00f0herra formlega opna gatnam\u00f3tin me\u00f0 a\u00f0sto\u00f0 vegam\u00e1lastj\u00f3ra. Auk \u00feeirra ver\u00f0a vi\u00f0staddir \u00feessa opnun b\u00e6jarstj\u00f3ri Hafnarfjar\u00f0ar og fulltr\u00faar fr\u00e1 Hafnarfjar\u00f0arb\u00e6, Vegager\u00f0inni, verktakanum og a\u00f0rir sem komi\u00f0 hafa a\u00f0 verkinu.Verktakar eru Loftorka Reykjav\u00edk ehf. og Su\u00f0urverk hf.&nbsp;<\/p>\n<p>Byrja\u00f0 var \u00e1 verkinu \u00ed mars 2017. \u00ddmis konar fr\u00e1gangsvinnu \u00e1 \u00fe\u00f3 eftir a\u00f0 vinna og ver\u00f0ur loki\u00f0 vi\u00f0 \u00fe\u00e1 vinnu \u00e1 vorm\u00e1nu\u00f0um 2018. Verki\u00f0 felst \u00ed ger\u00f0 misl\u00e6gra gatnam\u00f3ta Reykjanesbrautar vi\u00f0 Kr\u00fdsuv\u00edkurveg.&nbsp;<\/p>\n<p>Til framkv\u00e6mdanna teljast einnig breytingar \u00e1 Kr\u00fdsuv\u00edkurvegi, ger\u00f0 tengivegar a\u00f0 Su\u00f0urbraut og tengivegar a\u00f0 Selhellu. Einnig er innifalin ger\u00f0 g\u00f6ngu- og hj\u00f3last\u00edgs me\u00f0fram Su\u00f0urbrautartengingu og hra\u00f0atakmarkandi a\u00f0ger\u00f0ir \u00e1 Su\u00f0urbraut. \u00de\u00e1 er ger\u00f0 hlj\u00f3\u00f0mana vi\u00f0 Reykjanesbraut \u00ed Hafnarfir\u00f0i hluti verksins. Auk \u00feess eru innifaldar breytingar \u00e1 lagnakerfum veitufyrirt\u00e6kja og landm\u00f3tun.<\/p>\n<p>Tilbo\u00f0 \u00ed verki\u00f0 voru opnu\u00f0 22. febr\u00faar 2017. Verksamningur var undirrita\u00f0ur 21. mars 2017 og verk h\u00f3fst. Uppsteypa br\u00faarmannvirkis h\u00f3fst 21. j\u00fal\u00ed 2017. Verklok samkv\u00e6mt samningi \u00e1ttu a\u00f0 vera 1. n\u00f3vember 2017, en seinka\u00f0i af \u00fdmsum \u00e1st\u00e6\u00f0um. Heildarkostna\u00f0ur er \u00e1\u00e6tla\u00f0ur um 1.100 m.kr.<\/p>","protected":false},"excerpt":{"rendered":"<p>N\u00fdframkv\u00e6mdin, gatnam\u00f3t Reykjanesbrautar og Kr\u00fdsuv\u00edkurvegar ver\u00f0ur tekin \u00ed notkun n\u00fana \u00ed h\u00e1deginu f\u00f6studaginn 15. desember kl. 13:00.&nbsp; Ath\u00f6fn ver\u00f0ur vi\u00f0 gatnam\u00f3tin a\u00f0 vestanver\u00f0u og mun Sigur\u00f0ur Ingi J\u00f3hannsson samg\u00f6ngur\u00e1\u00f0herra formlega opna gatnam\u00f3tin me\u00f0 a\u00f0sto\u00f0 vegam\u00e1lastj\u00f3ra. Auk \u00feeirra ver\u00f0a vi\u00f0staddir \u00feessa opnun b\u00e6jarstj\u00f3ri Hafnarfjar\u00f0ar og fulltr\u00faar fr\u00e1 Hafnarfjar\u00f0arb\u00e6, Vegager\u00f0inni, verktakanum og a\u00f0rir sem komi\u00f0 hafa a\u00f0 [&hellip;]<\/p>\n","protected":false},"author":1,"featured_media":0,"comment_status":"open","ping_status":"open","sticky":false,"template":"","format":"standard","meta":{"_acf_changed":false,"_breakdance_hide_in_design_set":false,"_breakdance_tags":"","wds_primary_category":0,"footnotes":""},"categories":[12],"tags":[],"class_list":["post-13479","post","type-post","status-publish","format-standard","hentry","category-frettir"],"acf":[],"_links":{"self":[{"href":"https:\/\/hafnarfjordur.is\/en\/wp-json\/wp\/v2\/posts\/13479","targetHints":{"allow":["GET"]}}],"collection":[{"href":"https:\/\/hafnarfjordur.is\/en\/wp-json\/wp\/v2\/posts"}],"about":[{"href":"https:\/\/hafnarfjordur.is\/en\/wp-json\/wp\/v2\/types\/post"}],"author":[{"embeddable":true,"href":"https:\/\/hafnarfjordur.is\/en\/wp-json\/wp\/v2\/users\/1"}],"replies":[{"embeddable":true,"href":"https:\/\/hafnarfjordur.is\/en\/wp-json\/wp\/v2\/comments?post=13479"}],"version-history":[{"count":0,"href":"https:\/\/hafnarfjordur.is\/en\/wp-json\/wp\/v2\/posts\/13479\/revisions"}],"wp:attachment":[{"href":"https:\/\/hafnarfjordur.is\/en\/wp-json\/wp\/v2\/media?parent=13479"}],"wp:term":[{"taxonomy":"category","embeddable":true,"href":"https:\/\/hafnarfjordur.is\/en\/wp-json\/wp\/v2\/categories?post=13479"},{"taxonomy":"post_tag","embeddable":true,"href":"https:\/\/hafnarfjordur.is\/en\/wp-json\/wp\/v2\/tags?post=13479"}],"curies":[{"name":"WordPress","href":"https:\/\/api.w.org\/{rel}","templated":true}]}}